{"id":555,"date":"2011-07-04T18:53:59","date_gmt":"2011-07-04T18:53:59","guid":{"rendered":"http:\/\/www.amicio-oberstimm.de\/?p=555"},"modified":"2011-07-18T19:12:47","modified_gmt":"2011-07-18T19:12:47","slug":"bilder-vom-sommfest-2011-am-bikepark","status":"publish","type":"post","link":"https:\/\/www.amicio-oberstimm.de\/?p=555","title":{"rendered":"Bilder vom Sommerfest 2011 am Bikepark"},"content":{"rendered":"<p><a href=\"https:\/\/www.amicio-oberstimm.de\/wp-content\/uploads\/2011\/07\/sommerfest-2011.jpg\"><img loading=\"lazy\" decoding=\"async\" class=\"alignright size-full wp-image-556\" title=\"sommerfest-2011\" src=\"https:\/\/www.amicio-oberstimm.de\/wp-content\/uploads\/2011\/07\/sommerfest-2011.jpg\" alt=\"\" width=\"188\" height=\"250\" \/><\/a>Wieder einmal spielte das Wetter mit, so dass das Sommerfest 2011 bei Sonnenschein \u00fcber die B\u00fchne gehen konnte. F\u00fcr das leibliche Wohl gab es Pizza aus dem Holzofen und &#8211; dank zahlreicher Spenden &#8211; eine Riesenauswahl an Kuchen.<\/p>\n<p>Die Kinder vergn\u00fcgten sich auf der eigens aufgebauten Riesenrutsche oder drehten auf dem Bikepark zu lauten Rythmen ihre Runden.<\/p>\n<p><strong>Bilder vom Sommerfest<\/strong> findet Ihr in unserer <a title=\"Sommerfest 2011\" href=\"https:\/\/www.amicio-oberstimm.de\/?page_id=552\">Bildergalerie<\/a> oder auf der Homepage von <a title=\"Kbumm\" href=\"http:\/\/www.kbumm.de\/bilder?id=6168&amp;start=120#gallery\" target=\"_blank\">Kbumm<\/a>.<\/p>\n","protected":false},"excerpt":{"rendered":"<p>Wieder einmal spielte das Wetter mit, so dass das Sommerfest 2011 bei Sonnenschein \u00fcber die B\u00fchne gehen konnte. F\u00fcr das leibliche Wohl gab es Pizza aus dem Holzofen und &#8211; &hellip; <a title=\"Bilder vom Sommerfest 2011 am Bikepark\" class=\"hm-read-more\" href=\"https:\/\/www.amicio-oberstimm.de\/?p=555\"><span class=\"screen-reader-text\">Bilder vom Sommerfest 2011 am Bikepark<\/span>Weiterlesen<\/a><\/p>\n","protected":false},"author":1,"featured_media":0,"comment_status":"open","ping_status":"closed","sticky":false,"template":"","format":"standard","meta":{"ngg_post_thumbnail":0,"footnotes":""},"categories":[4],"tags":[],"class_list":["post-555","post","type-post","status-publish","format-standard","hentry","category-bilder"],"amp_enabled":true,"_links":{"self":[{"href":"https:\/\/www.amicio-oberstimm.de\/index.php?rest_route=\/wp\/v2\/posts\/555","targetHints":{"allow":["GET"]}}],"collection":[{"href":"https:\/\/www.amicio-oberstimm.de\/index.php?rest_route=\/wp\/v2\/posts"}],"about":[{"href":"https:\/\/www.amicio-oberstimm.de\/index.php?rest_route=\/wp\/v2\/types\/post"}],"author":[{"embeddable":true,"href":"https:\/\/www.amicio-oberstimm.de\/index.php?rest_route=\/wp\/v2\/users\/1"}],"replies":[{"embeddable":true,"href":"https:\/\/www.amicio-oberstimm.de\/index.php?rest_route=%2Fwp%2Fv2%2Fcomments&post=555"}],"version-history":[{"count":8,"href":"https:\/\/www.amicio-oberstimm.de\/index.php?rest_route=\/wp\/v2\/posts\/555\/revisions"}],"predecessor-version":[{"id":572,"href":"https:\/\/www.amicio-oberstimm.de\/index.php?rest_route=\/wp\/v2\/posts\/555\/revisions\/572"}],"wp:attachment":[{"href":"https:\/\/www.amicio-oberstimm.de\/index.php?rest_route=%2Fwp%2Fv2%2Fmedia&parent=555"}],"wp:term":[{"taxonomy":"category","embeddable":true,"href":"https:\/\/www.amicio-oberstimm.de\/index.php?rest_route=%2Fwp%2Fv2%2Fcategories&post=555"},{"taxonomy":"post_tag","embeddable":true,"href":"https:\/\/www.amicio-oberstimm.de\/index.php?rest_route=%2Fwp%2Fv2%2Ftags&post=555"}],"curies":[{"name":"wp","href":"https:\/\/api.w.org\/{rel}","templated":true}]}}