{"id":9089,"date":"2025-08-15T10:20:52","date_gmt":"2025-08-15T08:20:52","guid":{"rendered":"https:\/\/www.amicio-oberstimm.de\/?p=9089"},"modified":"2025-08-15T10:20:52","modified_gmt":"2025-08-15T08:20:52","slug":"ferienpass-manching-2025-gestartet","status":"publish","type":"post","link":"https:\/\/www.amicio-oberstimm.de\/?p=9089","title":{"rendered":"Ferienpass Manching 2025 gestartet"},"content":{"rendered":"<p>Ein buntes Programm konnte auch heuer wieder f\u00fcr die <strong>Sommerferien 2025<\/strong> zusammengestellt werden. Die Angebote der Vereine, der Bibliothek, der Parteien des Marktes h\u00f6ren sich wieder vielversprechend an. Bei dem Angebot der Feuerwehren,<br \/>\nden Oldtimerfreunden, dem OGV, der CSU, der SPD, von AmiciO, dem Eisstockclub, der<br \/>\nWasserwacht, dem Kleintierzuchtvereinverein, dem DAV Ingolstadt, den Sch\u00fctzenvereinen, dem B\u00fcndnis Gr\u00fcne Manching\/ Geisenfeld, der Bibliothek Manching, B\u00fcrgerhaus Manching, der MBB SG, Pfarrei St. Peter, die Geschichtenerz\u00e4hlerin Ulrike<br \/>\nMommendey, UW Manching, Lego PioneersmakeBox u.v.m. ist bestimmt f\u00fcr jeden etwas dabei.<\/p>\n<p>Diesmal organisierte das Ferienpassteam\/ Markt Manching, das aus Sonja Targiel, Claudia Heidrich und Edith Davi besteht, erstmals eine Openair Kinonacht!<br \/>\nUnterst\u00fctzt wird diese Aktion von der Feuerwehr Pichl und dem Sch\u00fctzenverein Eichenlaub Pichl.<\/p>\n<p><a href=\"https:\/\/www.amicio-oberstimm.de\/wp-content\/uploads\/2025\/07\/FP-Team_2025.png\"><img loading=\"lazy\" decoding=\"async\" class=\"size-full wp-image-9060 aligncenter\" src=\"https:\/\/www.amicio-oberstimm.de\/wp-content\/uploads\/2025\/07\/FP-Team_2025.png\" alt=\"\" width=\"421\" height=\"476\" srcset=\"https:\/\/www.amicio-oberstimm.de\/wp-content\/uploads\/2025\/07\/FP-Team_2025.png 421w, https:\/\/www.amicio-oberstimm.de\/wp-content\/uploads\/2025\/07\/FP-Team_2025-265x300.png 265w\" sizes=\"auto, (max-width: 421px) 100vw, 421px\" \/><\/a>Am 31.7. wurde die Verlosung f\u00fcr die Pl\u00e4tze der ca. 35 Veranstaltungen<br \/>\ngestartet! Wir freuen uns, dass sich die Vereine, die Parteien und die Bibliothek wieder kreative Aktionen haben einfallen lassen. Ganz herzlich bedanken wir uns bei allen Veranstaltern. Die Eltern d\u00fcrfen gerne immer wieder ins Programm schauen,<br \/>\nfalls noch neue Aktionen dazu kommen oder Pl\u00e4tze frei werden. Es haben sich bis jetzt \u00fcber 200 Teilnehmer (Stand 28.7.) registriert. Schaut unter <a href=\"http:\/\/wwww.unser-ferienprogramm.de\/Manching\" target=\"_blank\" rel=\"noopener\">wwww.unser-ferienprogramm.de\/Manching<\/a> nach.<\/p>\n<p>Die Flyer mit den Stempelfeldern sind verteilt, in der Bibliothek bzw. im Rathaus erh\u00e4ltlich und zum Download im Portal. Wer flei\u00dfig Stempel sammelt, kann am Ende am Gewinnspiel teilnehmen. Die Preise werden wieder von AmiciO gesponsert!<br \/>\nAu\u00dferdem findet man im Portal zusammengestellte Infos \u00fcber freie bzw. erm\u00e4\u00dfigte Eintritte in der Region. Die Organisatoren sind zuversichtlich, dass die Kinder wieder<br \/>\nSpa\u00df und Freude an den Veranstaltungen haben werden.<\/p>\n<p>Wer noch Veranstaltungen anbieten m\u00f6chte oder Anregungen und Ideen hat, kann sich gerne unter ferienpass-manching@outlook.de an uns wenden.<\/p>\n","protected":false},"excerpt":{"rendered":"<p>Ein buntes Programm konnte auch heuer wieder f\u00fcr die Sommerferien 2025 zusammengestellt werden. Die Angebote der Vereine, der Bibliothek, der Parteien des Marktes h\u00f6ren sich wieder vielversprechend an. Bei dem &hellip; <a title=\"Ferienpass Manching 2025 gestartet\" class=\"hm-read-more\" href=\"https:\/\/www.amicio-oberstimm.de\/?p=9089\"><span class=\"screen-reader-text\">Ferienpass Manching 2025 gestartet<\/span>Weiterlesen<\/a><\/p>\n","protected":false},"author":1,"featured_media":0,"comment_status":"closed","ping_status":"closed","sticky":false,"template":"","format":"standard","meta":{"ngg_post_thumbnail":0,"footnotes":""},"categories":[1,5],"tags":[],"class_list":["post-9089","post","type-post","status-publish","format-standard","hentry","category-allgemein","category-veranstaltung"],"amp_enabled":true,"_links":{"self":[{"href":"https:\/\/www.amicio-oberstimm.de\/index.php?rest_route=\/wp\/v2\/posts\/9089","targetHints":{"allow":["GET"]}}],"collection":[{"href":"https:\/\/www.amicio-oberstimm.de\/index.php?rest_route=\/wp\/v2\/posts"}],"about":[{"href":"https:\/\/www.amicio-oberstimm.de\/index.php?rest_route=\/wp\/v2\/types\/post"}],"author":[{"embeddable":true,"href":"https:\/\/www.amicio-oberstimm.de\/index.php?rest_route=\/wp\/v2\/users\/1"}],"replies":[{"embeddable":true,"href":"https:\/\/www.amicio-oberstimm.de\/index.php?rest_route=%2Fwp%2Fv2%2Fcomments&post=9089"}],"version-history":[{"count":1,"href":"https:\/\/www.amicio-oberstimm.de\/index.php?rest_route=\/wp\/v2\/posts\/9089\/revisions"}],"predecessor-version":[{"id":9090,"href":"https:\/\/www.amicio-oberstimm.de\/index.php?rest_route=\/wp\/v2\/posts\/9089\/revisions\/9090"}],"wp:attachment":[{"href":"https:\/\/www.amicio-oberstimm.de\/index.php?rest_route=%2Fwp%2Fv2%2Fmedia&parent=9089"}],"wp:term":[{"taxonomy":"category","embeddable":true,"href":"https:\/\/www.amicio-oberstimm.de\/index.php?rest_route=%2Fwp%2Fv2%2Fcategories&post=9089"},{"taxonomy":"post_tag","embeddable":true,"href":"https:\/\/www.amicio-oberstimm.de\/index.php?rest_route=%2Fwp%2Fv2%2Ftags&post=9089"}],"curies":[{"name":"wp","href":"https:\/\/api.w.org\/{rel}","templated":true}]}}