{"id":9454,"date":"2025-12-01T20:34:57","date_gmt":"2025-12-01T19:34:57","guid":{"rendered":"https:\/\/www.amicio-oberstimm.de\/?p=9454"},"modified":"2025-12-01T19:38:30","modified_gmt":"2025-12-01T18:38:30","slug":"wunschbaumaktion-wieder-ein-voller-erfolg","status":"publish","type":"post","link":"https:\/\/www.amicio-oberstimm.de\/?p=9454","title":{"rendered":"Wunschbaumaktion wieder ein voller Erfolg"},"content":{"rendered":"<p><strong>An den beiden Christkindlmarkt-Tagen sind alle (!) 80 Engel vom Wunschbaum gepfl\u00fcckt worden<\/strong> und diese W\u00fcnsche werden in den n\u00e4chsten Wochen erf\u00fcllt. Die Aktion hat f\u00fcr viele leuchtende Kinderaugen gesorgt. Daf\u00fcr bedanken wir uns bei allen wahren Engeln recht herzlich im Namen aller beteiligter Kinderg\u00e4rten und Schulen.&nbsp;<\/p>\n<p><a href=\"https:\/\/www.amicio-oberstimm.de\/wp-content\/uploads\/2025\/12\/IMG_1914_1.jpg\"><img loading=\"lazy\" decoding=\"async\" class=\"alignleft size-full wp-image-9456\" src=\"https:\/\/www.amicio-oberstimm.de\/wp-content\/uploads\/2025\/12\/IMG_1914_1.jpg\" alt=\"\" width=\"1280\" height=\"853\" srcset=\"https:\/\/www.amicio-oberstimm.de\/wp-content\/uploads\/2025\/12\/IMG_1914_1.jpg 1280w, https:\/\/www.amicio-oberstimm.de\/wp-content\/uploads\/2025\/12\/IMG_1914_1-300x200.jpg 300w, https:\/\/www.amicio-oberstimm.de\/wp-content\/uploads\/2025\/12\/IMG_1914_1-1024x682.jpg 1024w, https:\/\/www.amicio-oberstimm.de\/wp-content\/uploads\/2025\/12\/IMG_1914_1-768x512.jpg 768w\" sizes=\"auto, (max-width: 1280px) 100vw, 1280px\" \/><\/a><\/p>\n","protected":false},"excerpt":{"rendered":"<p>An den beiden Christkindlmarkt-Tagen sind alle (!) 80 Engel vom Wunschbaum gepfl\u00fcckt worden und diese W\u00fcnsche werden in den n\u00e4chsten Wochen erf\u00fcllt. Die Aktion hat f\u00fcr viele leuchtende Kinderaugen gesorgt. &hellip; <a title=\"Wunschbaumaktion wieder ein voller Erfolg\" class=\"hm-read-more\" href=\"https:\/\/www.amicio-oberstimm.de\/?p=9454\"><span class=\"screen-reader-text\">Wunschbaumaktion wieder ein voller Erfolg<\/span>Weiterlesen<\/a><\/p>\n","protected":false},"author":1,"featured_media":0,"comment_status":"closed","ping_status":"closed","sticky":false,"template":"","format":"standard","meta":{"ngg_post_thumbnail":0,"footnotes":""},"categories":[1,4],"tags":[],"class_list":["post-9454","post","type-post","status-publish","format-standard","hentry","category-allgemein","category-bilder"],"amp_enabled":true,"_links":{"self":[{"href":"https:\/\/www.amicio-oberstimm.de\/index.php?rest_route=\/wp\/v2\/posts\/9454","targetHints":{"allow":["GET"]}}],"collection":[{"href":"https:\/\/www.amicio-oberstimm.de\/index.php?rest_route=\/wp\/v2\/posts"}],"about":[{"href":"https:\/\/www.amicio-oberstimm.de\/index.php?rest_route=\/wp\/v2\/types\/post"}],"author":[{"embeddable":true,"href":"https:\/\/www.amicio-oberstimm.de\/index.php?rest_route=\/wp\/v2\/users\/1"}],"replies":[{"embeddable":true,"href":"https:\/\/www.amicio-oberstimm.de\/index.php?rest_route=%2Fwp%2Fv2%2Fcomments&post=9454"}],"version-history":[{"count":1,"href":"https:\/\/www.amicio-oberstimm.de\/index.php?rest_route=\/wp\/v2\/posts\/9454\/revisions"}],"predecessor-version":[{"id":9457,"href":"https:\/\/www.amicio-oberstimm.de\/index.php?rest_route=\/wp\/v2\/posts\/9454\/revisions\/9457"}],"wp:attachment":[{"href":"https:\/\/www.amicio-oberstimm.de\/index.php?rest_route=%2Fwp%2Fv2%2Fmedia&parent=9454"}],"wp:term":[{"taxonomy":"category","embeddable":true,"href":"https:\/\/www.amicio-oberstimm.de\/index.php?rest_route=%2Fwp%2Fv2%2Fcategories&post=9454"},{"taxonomy":"post_tag","embeddable":true,"href":"https:\/\/www.amicio-oberstimm.de\/index.php?rest_route=%2Fwp%2Fv2%2Ftags&post=9454"}],"curies":[{"name":"wp","href":"https:\/\/api.w.org\/{rel}","templated":true}]}}