{"id":9458,"date":"2025-12-02T19:39:08","date_gmt":"2025-12-02T18:39:08","guid":{"rendered":"https:\/\/www.amicio-oberstimm.de\/?p=9458"},"modified":"2025-12-01T19:39:49","modified_gmt":"2025-12-01T18:39:49","slug":"helfende-haende-gesucht-2","status":"publish","type":"post","link":"https:\/\/www.amicio-oberstimm.de\/?p=9458","title":{"rendered":"Helfende H\u00e4nde gesucht&#8230;"},"content":{"rendered":"<p>Liebe AmiciOs, am Samstag den 06.12.22025 ab 08:00 Uhr bauen wir unsere<br \/>\nGl\u00fchweinh\u00fctte und Krippe ab. Wenn jemand Zeit hat uns zu unterst\u00fctzen, w\u00e4re<br \/>\nsuper. Treffpunkt ist an der Gl\u00fchweinh\u00fctte. Herzlichen Dank.<\/p>\n","protected":false},"excerpt":{"rendered":"<p>Liebe AmiciOs, am Samstag den 06.12.22025 ab 08:00 Uhr bauen wir unsere Gl\u00fchweinh\u00fctte und Krippe ab. Wenn jemand Zeit hat uns zu unterst\u00fctzen, w\u00e4re super. Treffpunkt ist an der Gl\u00fchweinh\u00fctte. &hellip; <a title=\"Helfende H\u00e4nde gesucht&#8230;\" class=\"hm-read-more\" href=\"https:\/\/www.amicio-oberstimm.de\/?p=9458\"><span class=\"screen-reader-text\">Helfende H\u00e4nde gesucht&#8230;<\/span>Weiterlesen<\/a><\/p>\n","protected":false},"author":1,"featured_media":0,"comment_status":"closed","ping_status":"closed","sticky":false,"template":"","format":"standard","meta":{"ngg_post_thumbnail":0,"footnotes":""},"categories":[1],"tags":[],"class_list":["post-9458","post","type-post","status-publish","format-standard","hentry","category-allgemein"],"amp_enabled":true,"_links":{"self":[{"href":"https:\/\/www.amicio-oberstimm.de\/index.php?rest_route=\/wp\/v2\/posts\/9458","targetHints":{"allow":["GET"]}}],"collection":[{"href":"https:\/\/www.amicio-oberstimm.de\/index.php?rest_route=\/wp\/v2\/posts"}],"about":[{"href":"https:\/\/www.amicio-oberstimm.de\/index.php?rest_route=\/wp\/v2\/types\/post"}],"author":[{"embeddable":true,"href":"https:\/\/www.amicio-oberstimm.de\/index.php?rest_route=\/wp\/v2\/users\/1"}],"replies":[{"embeddable":true,"href":"https:\/\/www.amicio-oberstimm.de\/index.php?rest_route=%2Fwp%2Fv2%2Fcomments&post=9458"}],"version-history":[{"count":1,"href":"https:\/\/www.amicio-oberstimm.de\/index.php?rest_route=\/wp\/v2\/posts\/9458\/revisions"}],"predecessor-version":[{"id":9459,"href":"https:\/\/www.amicio-oberstimm.de\/index.php?rest_route=\/wp\/v2\/posts\/9458\/revisions\/9459"}],"wp:attachment":[{"href":"https:\/\/www.amicio-oberstimm.de\/index.php?rest_route=%2Fwp%2Fv2%2Fmedia&parent=9458"}],"wp:term":[{"taxonomy":"category","embeddable":true,"href":"https:\/\/www.amicio-oberstimm.de\/index.php?rest_route=%2Fwp%2Fv2%2Fcategories&post=9458"},{"taxonomy":"post_tag","embeddable":true,"href":"https:\/\/www.amicio-oberstimm.de\/index.php?rest_route=%2Fwp%2Fv2%2Ftags&post=9458"}],"curies":[{"name":"wp","href":"https:\/\/api.w.org\/{rel}","templated":true}]}}