{"id":9460,"date":"2025-12-01T19:51:44","date_gmt":"2025-12-01T18:51:44","guid":{"rendered":"https:\/\/www.amicio-oberstimm.de\/?p=9460"},"modified":"2025-12-01T19:52:40","modified_gmt":"2025-12-01T18:52:40","slug":"amicio-sagt-danke-6","status":"publish","type":"post","link":"https:\/\/www.amicio-oberstimm.de\/?p=9460","title":{"rendered":"AmiciO sagt Danke !!!"},"content":{"rendered":"<p style=\"text-align: center;\"><strong>Wir bedanken uns herzlich bei allen ehrenamtlichen Helfern, allen Vereinsmitgliedern und bei den Mitgliedern des Orgateams, die vor, w\u00e4hrend und nach dem Christkindlmarkt dem nasskalten Wettter getrotzt und wieder einen unvergesslichen Christkindlmarkt auf die Beine gestellt haben.<\/strong><\/p>\n<p><a href=\"https:\/\/www.amicio-oberstimm.de\/wp-content\/uploads\/2025\/12\/CKM_Danke_2025.png\"><img loading=\"lazy\" decoding=\"async\" class=\"alignleft size-full wp-image-9461\" src=\"https:\/\/www.amicio-oberstimm.de\/wp-content\/uploads\/2025\/12\/CKM_Danke_2025.png\" alt=\"\" width=\"2048\" height=\"1365\" srcset=\"https:\/\/www.amicio-oberstimm.de\/wp-content\/uploads\/2025\/12\/CKM_Danke_2025.png 2048w, https:\/\/www.amicio-oberstimm.de\/wp-content\/uploads\/2025\/12\/CKM_Danke_2025-300x200.png 300w, https:\/\/www.amicio-oberstimm.de\/wp-content\/uploads\/2025\/12\/CKM_Danke_2025-1024x683.png 1024w, https:\/\/www.amicio-oberstimm.de\/wp-content\/uploads\/2025\/12\/CKM_Danke_2025-768x512.png 768w, https:\/\/www.amicio-oberstimm.de\/wp-content\/uploads\/2025\/12\/CKM_Danke_2025-1536x1024.png 1536w\" sizes=\"auto, (max-width: 2048px) 100vw, 2048px\" \/><\/a><\/p>\n<p>Ein Dank geht auch an die Fieranten sowie die zahlreichen Vereine, die mit Ihren St\u00e4nden zu diesem speziellen Flair des Oberstimmer Christkindlmarktes beigetragen haben. Ein gro\u00dfes Lob m\u00f6chten wir auch an alle Musikgruppen, an alle K\u00fcnstler und an die \u00f6rtlichen Schulen f\u00fcr die Gestaltung des Rahmenprogramms und des Krippenspiels aussprechen.<\/p>\n<p>Nicht vergessen wollen wir die zahlreichen regionalen Sponsoren, die mit Ihrer Unterst\u00fctzung solch ein Gro\u00dfprojekt auch finanziell absichern und den Markt Manching, der jedes Jahr voll hinter unserem Projekt steht und uns diesbez\u00fcglich jederzeit unterst\u00fctzt.<\/p>\n<p>Zum Schlu\u00df geht nat\u00fcrlich auch ein gro\u00dfes Dankesch\u00f6n an all die vielen, vielen Besucher aus Nah und Fern, die wieder in Scharen auf das weihnachtliche Barthelmarktgel\u00e4nde dr\u00e4ngten und es damit erst erm\u00f6glichen, da\u00df wir so viel f\u00fcr die Kinder- und Jugendarbeit in und um Manching auf die Beine stellen k\u00f6nnen.<\/p>\n<p style=\"text-align: center;\"><strong>AmiciO w\u00fcnscht Euch allen eine sch\u00f6ne Adventszeit.<\/strong><\/p>\n","protected":false},"excerpt":{"rendered":"<p>Wir bedanken uns herzlich bei allen ehrenamtlichen Helfern, allen Vereinsmitgliedern und bei den Mitgliedern des Orgateams, die vor, w\u00e4hrend und nach dem Christkindlmarkt dem nasskalten Wettter getrotzt und wieder einen &hellip; <a title=\"AmiciO sagt Danke !!!\" class=\"hm-read-more\" href=\"https:\/\/www.amicio-oberstimm.de\/?p=9460\"><span class=\"screen-reader-text\">AmiciO sagt Danke !!!<\/span>Weiterlesen<\/a><\/p>\n","protected":false},"author":1,"featured_media":0,"comment_status":"closed","ping_status":"closed","sticky":false,"template":"","format":"standard","meta":{"ngg_post_thumbnail":0,"footnotes":""},"categories":[1,4,5],"tags":[],"class_list":["post-9460","post","type-post","status-publish","format-standard","hentry","category-allgemein","category-bilder","category-veranstaltung"],"amp_enabled":true,"_links":{"self":[{"href":"https:\/\/www.amicio-oberstimm.de\/index.php?rest_route=\/wp\/v2\/posts\/9460","targetHints":{"allow":["GET"]}}],"collection":[{"href":"https:\/\/www.amicio-oberstimm.de\/index.php?rest_route=\/wp\/v2\/posts"}],"about":[{"href":"https:\/\/www.amicio-oberstimm.de\/index.php?rest_route=\/wp\/v2\/types\/post"}],"author":[{"embeddable":true,"href":"https:\/\/www.amicio-oberstimm.de\/index.php?rest_route=\/wp\/v2\/users\/1"}],"replies":[{"embeddable":true,"href":"https:\/\/www.amicio-oberstimm.de\/index.php?rest_route=%2Fwp%2Fv2%2Fcomments&post=9460"}],"version-history":[{"count":2,"href":"https:\/\/www.amicio-oberstimm.de\/index.php?rest_route=\/wp\/v2\/posts\/9460\/revisions"}],"predecessor-version":[{"id":9464,"href":"https:\/\/www.amicio-oberstimm.de\/index.php?rest_route=\/wp\/v2\/posts\/9460\/revisions\/9464"}],"wp:attachment":[{"href":"https:\/\/www.amicio-oberstimm.de\/index.php?rest_route=%2Fwp%2Fv2%2Fmedia&parent=9460"}],"wp:term":[{"taxonomy":"category","embeddable":true,"href":"https:\/\/www.amicio-oberstimm.de\/index.php?rest_route=%2Fwp%2Fv2%2Fcategories&post=9460"},{"taxonomy":"post_tag","embeddable":true,"href":"https:\/\/www.amicio-oberstimm.de\/index.php?rest_route=%2Fwp%2Fv2%2Ftags&post=9460"}],"curies":[{"name":"wp","href":"https:\/\/api.w.org\/{rel}","templated":true}]}}