{"id":9556,"date":"2026-01-11T19:40:39","date_gmt":"2026-01-11T18:40:39","guid":{"rendered":"https:\/\/www.amicio-oberstimm.de\/?p=9556"},"modified":"2026-01-11T19:40:39","modified_gmt":"2026-01-11T18:40:39","slug":"veranstaltungsupdates","status":"publish","type":"post","link":"https:\/\/www.amicio-oberstimm.de\/?p=9556","title":{"rendered":"Veranstaltungsupdates"},"content":{"rendered":"<p>Liebe AmiciOs, &#x1f90d;&#x1f389;<\/p>\n<p>wir hoffen, ihr seid gut und gesund ins neue Jahr gestartet. Anbei zwei kurze Updates:<\/p>\n<p>&#x1f3ad; <strong>Faschingsumzug Manching<\/strong><br \/>\nDieses Jahr sind wir nicht beim Manchinger Faschingsumzug dabei. Manchmal braucht\u2019s einfach eine kleine Pause vom Konfettiregen &#x1f604;<\/p>\n<p>&#x1f6f7; <strong>Rodelausflug<\/strong><br \/>\nLeider m\u00fcssen wir den angek\u00fcndigten Rodelausflug aus organisatorischen Gr\u00fcnden absagen. Schade, denn der Schnee h\u00e4tte gepasst \u2013 wir leider nicht ganz &#x1f974;<\/p>\n<p>Danke f\u00fcr euer Verst\u00e4ndnis! Neue Aktionen sind in Planung und dann geben wir wieder Vollgas &#x1f4aa;&#x2728; Falls ihr Anregungen habt oder euch mit Aktionen einbringen wollt, meldet euch gerne bei uns.<\/p>\n<p>Liebe Gr\u00fc\u00dfe<br \/>\nEuer Vorstand<\/p>\n","protected":false},"excerpt":{"rendered":"<p>Liebe AmiciOs, &#x1f90d;&#x1f389; wir hoffen, ihr seid gut und gesund ins neue Jahr gestartet. Anbei zwei kurze Updates: &#x1f3ad; Faschingsumzug Manching Dieses Jahr sind wir nicht beim Manchinger Faschingsumzug dabei. &hellip; <a title=\"Veranstaltungsupdates\" class=\"hm-read-more\" href=\"https:\/\/www.amicio-oberstimm.de\/?p=9556\"><span class=\"screen-reader-text\">Veranstaltungsupdates<\/span>Weiterlesen<\/a><\/p>\n","protected":false},"author":1,"featured_media":0,"comment_status":"closed","ping_status":"closed","sticky":false,"template":"","format":"standard","meta":{"ngg_post_thumbnail":0,"footnotes":""},"categories":[1,5],"tags":[],"class_list":["post-9556","post","type-post","status-publish","format-standard","hentry","category-allgemein","category-veranstaltung"],"amp_enabled":true,"_links":{"self":[{"href":"https:\/\/www.amicio-oberstimm.de\/index.php?rest_route=\/wp\/v2\/posts\/9556","targetHints":{"allow":["GET"]}}],"collection":[{"href":"https:\/\/www.amicio-oberstimm.de\/index.php?rest_route=\/wp\/v2\/posts"}],"about":[{"href":"https:\/\/www.amicio-oberstimm.de\/index.php?rest_route=\/wp\/v2\/types\/post"}],"author":[{"embeddable":true,"href":"https:\/\/www.amicio-oberstimm.de\/index.php?rest_route=\/wp\/v2\/users\/1"}],"replies":[{"embeddable":true,"href":"https:\/\/www.amicio-oberstimm.de\/index.php?rest_route=%2Fwp%2Fv2%2Fcomments&post=9556"}],"version-history":[{"count":1,"href":"https:\/\/www.amicio-oberstimm.de\/index.php?rest_route=\/wp\/v2\/posts\/9556\/revisions"}],"predecessor-version":[{"id":9557,"href":"https:\/\/www.amicio-oberstimm.de\/index.php?rest_route=\/wp\/v2\/posts\/9556\/revisions\/9557"}],"wp:attachment":[{"href":"https:\/\/www.amicio-oberstimm.de\/index.php?rest_route=%2Fwp%2Fv2%2Fmedia&parent=9556"}],"wp:term":[{"taxonomy":"category","embeddable":true,"href":"https:\/\/www.amicio-oberstimm.de\/index.php?rest_route=%2Fwp%2Fv2%2Fcategories&post=9556"},{"taxonomy":"post_tag","embeddable":true,"href":"https:\/\/www.amicio-oberstimm.de\/index.php?rest_route=%2Fwp%2Fv2%2Ftags&post=9556"}],"curies":[{"name":"wp","href":"https:\/\/api.w.org\/{rel}","templated":true}]}}