{"id":9577,"date":"2026-01-26T18:55:54","date_gmt":"2026-01-26T17:55:54","guid":{"rendered":"https:\/\/www.amicio-oberstimm.de\/?p=9577"},"modified":"2026-01-26T18:55:54","modified_gmt":"2026-01-26T17:55:54","slug":"save-the-date-ramadama-am-14-03-2026","status":"publish","type":"post","link":"https:\/\/www.amicio-oberstimm.de\/?p=9577","title":{"rendered":"Save the date: Ramadama am 14.03.2026"},"content":{"rendered":"<p>Nat\u00fcrlich nehmen wir auch heuer wieder an der \u201eAktion saubere Umwelt\u201c teil. Der Termin ist aller Voraussicht nach der <b>14. M\u00e4rz 2026. <\/b>Dazu treffen wir uns um 9 Uhr am Feuerwehrhaus in Oberstimm. Nach getaner Arbeit gibt es f\u00fcr alle flei\u00dfigen Helfer, ebenfalls am Feuerwehrhaus, W\u00fcrstl und Brezen.<\/p>\n<p><strong>Wichtig: Alle Teilnehmer, auch die Kinder, m\u00fcssen mit einer Warnweste ausgestattet sein.<\/strong><\/p>\n<p>Eine Anmeldung ist nicht erforderlich.<\/p>\n<p><a href=\"https:\/\/www.amicio-oberstimm.de\/wp-content\/uploads\/2026\/01\/Ramadama-2026.png\"><img loading=\"lazy\" decoding=\"async\" class=\"alignleft size-full wp-image-9578\" src=\"https:\/\/www.amicio-oberstimm.de\/wp-content\/uploads\/2026\/01\/Ramadama-2026.png\" alt=\"\" width=\"1024\" height=\"1024\" srcset=\"https:\/\/www.amicio-oberstimm.de\/wp-content\/uploads\/2026\/01\/Ramadama-2026.png 1024w, https:\/\/www.amicio-oberstimm.de\/wp-content\/uploads\/2026\/01\/Ramadama-2026-300x300.png 300w, https:\/\/www.amicio-oberstimm.de\/wp-content\/uploads\/2026\/01\/Ramadama-2026-150x150.png 150w, https:\/\/www.amicio-oberstimm.de\/wp-content\/uploads\/2026\/01\/Ramadama-2026-768x768.png 768w\" sizes=\"auto, (max-width: 1024px) 100vw, 1024px\" \/><\/a><\/p>\n","protected":false},"excerpt":{"rendered":"<p>Nat\u00fcrlich nehmen wir auch heuer wieder an der \u201eAktion saubere Umwelt\u201c teil. Der Termin ist aller Voraussicht nach der 14. M\u00e4rz 2026. Dazu treffen wir uns um 9 Uhr am &hellip; <a title=\"Save the date: Ramadama am 14.03.2026\" class=\"hm-read-more\" href=\"https:\/\/www.amicio-oberstimm.de\/?p=9577\"><span class=\"screen-reader-text\">Save the date: Ramadama am 14.03.2026<\/span>Weiterlesen<\/a><\/p>\n","protected":false},"author":1,"featured_media":0,"comment_status":"closed","ping_status":"closed","sticky":false,"template":"","format":"standard","meta":{"ngg_post_thumbnail":0,"footnotes":""},"categories":[1,5],"tags":[],"class_list":["post-9577","post","type-post","status-publish","format-standard","hentry","category-allgemein","category-veranstaltung"],"amp_enabled":true,"_links":{"self":[{"href":"https:\/\/www.amicio-oberstimm.de\/index.php?rest_route=\/wp\/v2\/posts\/9577","targetHints":{"allow":["GET"]}}],"collection":[{"href":"https:\/\/www.amicio-oberstimm.de\/index.php?rest_route=\/wp\/v2\/posts"}],"about":[{"href":"https:\/\/www.amicio-oberstimm.de\/index.php?rest_route=\/wp\/v2\/types\/post"}],"author":[{"embeddable":true,"href":"https:\/\/www.amicio-oberstimm.de\/index.php?rest_route=\/wp\/v2\/users\/1"}],"replies":[{"embeddable":true,"href":"https:\/\/www.amicio-oberstimm.de\/index.php?rest_route=%2Fwp%2Fv2%2Fcomments&post=9577"}],"version-history":[{"count":1,"href":"https:\/\/www.amicio-oberstimm.de\/index.php?rest_route=\/wp\/v2\/posts\/9577\/revisions"}],"predecessor-version":[{"id":9579,"href":"https:\/\/www.amicio-oberstimm.de\/index.php?rest_route=\/wp\/v2\/posts\/9577\/revisions\/9579"}],"wp:attachment":[{"href":"https:\/\/www.amicio-oberstimm.de\/index.php?rest_route=%2Fwp%2Fv2%2Fmedia&parent=9577"}],"wp:term":[{"taxonomy":"category","embeddable":true,"href":"https:\/\/www.amicio-oberstimm.de\/index.php?rest_route=%2Fwp%2Fv2%2Fcategories&post=9577"},{"taxonomy":"post_tag","embeddable":true,"href":"https:\/\/www.amicio-oberstimm.de\/index.php?rest_route=%2Fwp%2Fv2%2Ftags&post=9577"}],"curies":[{"name":"wp","href":"https:\/\/api.w.org\/{rel}","templated":true}]}}