{"id":9582,"date":"2026-01-26T19:07:38","date_gmt":"2026-01-26T18:07:38","guid":{"rendered":"https:\/\/www.amicio-oberstimm.de\/?p=9582"},"modified":"2026-04-27T21:13:43","modified_gmt":"2026-04-27T19:13:43","slug":"veranstaltung-kerzen-gestalten","status":"publish","type":"post","link":"https:\/\/www.amicio-oberstimm.de\/?p=9582","title":{"rendered":"Veranstaltung: Kerzen gestalten"},"content":{"rendered":"<p><strong>Am 20.03.2026 treffen wir uns um 16 Uhr im B\u00fcrgerhaus, um dort gemeinsam Oster- oder Fr\u00fchlingskerzen zu gestalten.<\/strong> Gedacht ist die Veranstaltung f\u00fcr alle Erwachsene und Kinder ab dem Vorschulalter (Kinder unter 10 Jahren nur in Begleitung).<\/p>\n<p>Die Anmeldung erfolgt bis 15.03.2026 \u00fcber Tanja unter 0176-43342358.<\/p>\n<p>Mitzubringen sind Schneidebrett, kleines Gem\u00fcsemesser, Bleistift und Lineal.<\/p>\n<p><a href=\"https:\/\/www.amicio-oberstimm.de\/wp-content\/uploads\/2026\/01\/osterkerzen.png\"><img loading=\"lazy\" decoding=\"async\" class=\"alignleft size-full wp-image-9583\" src=\"https:\/\/www.amicio-oberstimm.de\/wp-content\/uploads\/2026\/01\/osterkerzen.png\" alt=\"\" width=\"1024\" height=\"1024\" srcset=\"https:\/\/www.amicio-oberstimm.de\/wp-content\/uploads\/2026\/01\/osterkerzen.png 1024w, https:\/\/www.amicio-oberstimm.de\/wp-content\/uploads\/2026\/01\/osterkerzen-300x300.png 300w, https:\/\/www.amicio-oberstimm.de\/wp-content\/uploads\/2026\/01\/osterkerzen-150x150.png 150w, https:\/\/www.amicio-oberstimm.de\/wp-content\/uploads\/2026\/01\/osterkerzen-768x768.png 768w\" sizes=\"auto, (max-width: 1024px) 100vw, 1024px\" \/><\/a><\/p>\n","protected":false},"excerpt":{"rendered":"<p>Am 20.03.2026 treffen wir uns um 16 Uhr im B\u00fcrgerhaus, um dort gemeinsam Oster- oder Fr\u00fchlingskerzen zu gestalten. Gedacht ist die Veranstaltung f\u00fcr alle Erwachsene und Kinder ab dem Vorschulalter &hellip; <a title=\"Veranstaltung: Kerzen gestalten\" class=\"hm-read-more\" href=\"https:\/\/www.amicio-oberstimm.de\/?p=9582\"><span class=\"screen-reader-text\">Veranstaltung: Kerzen gestalten<\/span>Weiterlesen<\/a><\/p>\n","protected":false},"author":1,"featured_media":9583,"comment_status":"closed","ping_status":"closed","sticky":false,"template":"","format":"standard","meta":{"ngg_post_thumbnail":0,"footnotes":""},"categories":[1,5],"tags":[],"class_list":["post-9582","post","type-post","status-publish","format-standard","has-post-thumbnail","hentry","category-allgemein","category-veranstaltung"],"amp_enabled":true,"_links":{"self":[{"href":"https:\/\/www.amicio-oberstimm.de\/index.php?rest_route=\/wp\/v2\/posts\/9582","targetHints":{"allow":["GET"]}}],"collection":[{"href":"https:\/\/www.amicio-oberstimm.de\/index.php?rest_route=\/wp\/v2\/posts"}],"about":[{"href":"https:\/\/www.amicio-oberstimm.de\/index.php?rest_route=\/wp\/v2\/types\/post"}],"author":[{"embeddable":true,"href":"https:\/\/www.amicio-oberstimm.de\/index.php?rest_route=\/wp\/v2\/users\/1"}],"replies":[{"embeddable":true,"href":"https:\/\/www.amicio-oberstimm.de\/index.php?rest_route=%2Fwp%2Fv2%2Fcomments&post=9582"}],"version-history":[{"count":1,"href":"https:\/\/www.amicio-oberstimm.de\/index.php?rest_route=\/wp\/v2\/posts\/9582\/revisions"}],"predecessor-version":[{"id":9584,"href":"https:\/\/www.amicio-oberstimm.de\/index.php?rest_route=\/wp\/v2\/posts\/9582\/revisions\/9584"}],"wp:featuredmedia":[{"embeddable":true,"href":"https:\/\/www.amicio-oberstimm.de\/index.php?rest_route=\/wp\/v2\/media\/9583"}],"wp:attachment":[{"href":"https:\/\/www.amicio-oberstimm.de\/index.php?rest_route=%2Fwp%2Fv2%2Fmedia&parent=9582"}],"wp:term":[{"taxonomy":"category","embeddable":true,"href":"https:\/\/www.amicio-oberstimm.de\/index.php?rest_route=%2Fwp%2Fv2%2Fcategories&post=9582"},{"taxonomy":"post_tag","embeddable":true,"href":"https:\/\/www.amicio-oberstimm.de\/index.php?rest_route=%2Fwp%2Fv2%2Ftags&post=9582"}],"curies":[{"name":"wp","href":"https:\/\/api.w.org\/{rel}","templated":true}]}}